{"id":62,"date":"2008-08-22T16:00:29","date_gmt":"2008-08-22T14:00:29","guid":{"rendered":"http:\/\/www.ricardoviviani.com\/wp\/?p=62"},"modified":"2010-07-24T11:09:02","modified_gmt":"2010-07-24T09:09:02","slug":"oficina-5-a-7-de-setembro-2008","status":"publish","type":"post","link":"https:\/\/www.ricardoviviani.com\/?p=62","title":{"rendered":"Oficina 5  a 7 de Setembro 2008"},"content":{"rendered":"<h2 style=\"text-align: center;\">BARNAB\u00c9 AGENCIADOS APRESENTA<\/p>\n<p>OFICINA COM O CORE\u00d3GRAFO<\/h2>\n<h1 style=\"text-align: center;\">RICARDO VIVIANI<\/h1>\n<p style=\"text-align: center;\"><a href=\"http:\/\/www.ricardoviviani.com\/?p=62\/\">www.ricardoviviani.com<\/a><\/p>\n<h1 style=\"text-align: center;\">O teatro musicado contempor\u00e2neo europeu<\/h1>\n<div style=\"text-align: center;\">\n<h3 style=\"text-align: center;\"><strong> Oficina de cria\u00e7\u00e3o da corporeidade c\u00eanica no teatro alem\u00e3o<\/strong><img decoding=\"async\" src=\"http:\/\/www.viviani.de\/productions\/witwe\/pictures\/lifeforms\/08witweNr13-3D0000.jpg\" alt=\"lifeforms\" width=\"480\" \/><\/h3>\n<\/div>\n<p><!--more--><\/p>\n<p style=\"text-align: center;\">A oficina explora a pr\u00e1tica e a metodologia profissional da cria\u00e7\u00e3o contempor\u00e2nea no teatro oficial. Um aquecimento com t\u00e9cnica de dan\u00e7a e de tanztheater alem\u00e3o precede o de estudo c\u00eanico do desenvolvimento corporal dos personagens em uma cena da opereta <em>A Vi\u00fava Alegre<\/em>. A cena se passa dentro de um cabar\u00e9 em Paris com pap\u00e9is para atores e bailarinos<\/p>\n<p style=\"text-align: center;\">Recomendada para bailarinos e atores com conhecimento de t\u00e9cnica de dan\u00e7a.<\/p>\n<p style=\"text-align: center;\">Os inscritos dever\u00e3o se familiarizar com a m\u00fasica previamente.<br \/>\nGrava\u00e7\u00e3o e notas musicais ser\u00e3o colocadas \u00e0 disposi\u00e7\u00e3o.<\/p>\n<p style=\"text-align: center;\"><strong>Sobre Ricardo Viviani<\/strong><\/p>\n<p style=\"text-align: center;\">Nascido em S\u00e3o Paulo em 1960, estudou Dire\u00e7\u00e3o Teatral na Universidade de S\u00e3o Paulo, dan\u00e7a e bal\u00e9 classico no Bal\u00e9 Stagium, Joffrey Ballet School em Nova Iorque e foi bolsista de v\u00e1rias escolas e festivais de dan\u00e7a no Brasil e EUA. Foi solista do Bal\u00e9 da Cidade de S\u00e3o Paulo, Cisne Negro, Manuel Alum Dance Company e do Teatro National da Alemanha em Weimar. Criou dez programas de dan\u00e7a no circuito independente de S\u00e3o Paulo, Nova Iorque e Colonia.<\/p>\n<p style=\"text-align: center;\">Atualmente atua como for\u00e7a inovadora na \u00e1rea de musicais e \u00f3peras, criando produ\u00e7\u00f5es para as companhias de dan\u00e7a, teatro e de \u00f3pera das cidades de Weimar, Osnabr\u00fcck e Heilbronn, Hagen. Atuou para premi\u00e8re mundial da grava\u00e7\u00e3o do CD da \u00f3pera\u201a Das Wundertheater&#8217; (Teatro das Maravilhas) de Hans Werner Henze.<\/p>\n<p style=\"text-align: center;\"><strong>Per\u00edodo<\/strong><\/p>\n<p style=\"text-align: center;\">05\/09 a 07\/09, sex a dom<\/p>\n<p style=\"text-align: center;\"><strong>Hor\u00e1rio<\/strong><\/p>\n<p style=\"text-align: center;\">Dias 05 e 07\/09, de 10 \u00e0s 13h<br \/>\nDia 06\/09, de 13 \u00e0s 16h<\/p>\n<p style=\"text-align: center;\"><strong>Valores<\/strong><\/p>\n<p style=\"text-align: center;\">Atores da ag\u00eancia R$150,00<br \/>\nAtores e dan\u00e7arinos externos R$200,00<\/p>\n<p style=\"text-align: center;\"><strong>Local<\/strong><\/p>\n<p style=\"text-align: center;\">Patr\u00edcia Sauer Arte e Dan\u00e7a<br \/>\nR. Lopes Quintas, 576, Jardim Bot\u00e2nico<\/p>\n<h3 style=\"text-align: center;\">15 VAGAS!!!<\/h3>\n<p style=\"text-align: center;\">Informa\u00e7\u00f5es (21) 2529-6220\/2249-5165<\/p>\n<p style=\"text-align: center;\"><a href=\"mailto:producao@barnabeagenciados.com.br\">producao@barnabeagenciados.com.br<\/a><\/p>\n","protected":false},"excerpt":{"rendered":"<p>BARNAB\u00c9 AGENCIADOS APRESENTA OFICINA COM O CORE\u00d3GRAFO RICARDO VIVIANI www.ricardoviviani.com O teatro musicado contempor\u00e2neo europeu Oficina de cria\u00e7\u00e3o da corporeidade c\u00eanica no teatro alem\u00e3o<\/p>\n","protected":false},"author":1,"featured_media":0,"comment_status":"open","ping_status":"open","sticky":false,"template":"","format":"standard","meta":{"pmpro_default_level":"","footnotes":""},"categories":[9],"tags":[50],"class_list":["post-62","post","type-post","status-publish","format-standard","hentry","category-teacher","tag-brazil","pmpro-has-access"],"_links":{"self":[{"href":"https:\/\/www.ricardoviviani.com\/index.php?rest_route=\/wp\/v2\/posts\/62","targetHints":{"allow":["GET"]}}],"collection":[{"href":"https:\/\/www.ricardoviviani.com\/index.php?rest_route=\/wp\/v2\/posts"}],"about":[{"href":"https:\/\/www.ricardoviviani.com\/index.php?rest_route=\/wp\/v2\/types\/post"}],"author":[{"embeddable":true,"href":"https:\/\/www.ricardoviviani.com\/index.php?rest_route=\/wp\/v2\/users\/1"}],"replies":[{"embeddable":true,"href":"https:\/\/www.ricardoviviani.com\/index.php?rest_route=%2Fwp%2Fv2%2Fcomments&post=62"}],"version-history":[{"count":1,"href":"https:\/\/www.ricardoviviani.com\/index.php?rest_route=\/wp\/v2\/posts\/62\/revisions"}],"predecessor-version":[{"id":1126,"href":"https:\/\/www.ricardoviviani.com\/index.php?rest_route=\/wp\/v2\/posts\/62\/revisions\/1126"}],"wp:attachment":[{"href":"https:\/\/www.ricardoviviani.com\/index.php?rest_route=%2Fwp%2Fv2%2Fmedia&parent=62"}],"wp:term":[{"taxonomy":"category","embeddable":true,"href":"https:\/\/www.ricardoviviani.com\/index.php?rest_route=%2Fwp%2Fv2%2Fcategories&post=62"},{"taxonomy":"post_tag","embeddable":true,"href":"https:\/\/www.ricardoviviani.com\/index.php?rest_route=%2Fwp%2Fv2%2Ftags&post=62"}],"curies":[{"name":"wp","href":"https:\/\/api.w.org\/{rel}","templated":true}]}}